{"id":925,"date":"2024-02-07T15:24:00","date_gmt":"2024-02-07T14:24:00","guid":{"rendered":"https:\/\/reisswolf.nr.rs\/?p=925"},"modified":"2024-05-23T10:38:56","modified_gmt":"2024-05-23T08:38:56","slug":"was-sie-am-06-marz-2024-beim-elo-ecm-fachkongress-erwartet","status":"publish","type":"post","link":"https:\/\/reisswolf.nr.rs\/en\/was-sie-am-06-marz-2024-beim-elo-ecm-fachkongress-erwartet\/","title":{"rendered":"Was Sie am 06. M\u00e4rz 2024 beim ELO ECM-Fachkongress erwartet."},"content":{"rendered":"<!--blockstudio\/blockstudio\/banner-slider--><div id=\"banner_slider-blockstudio-dc8cd6bf0ce6\" class=\"banner_slider no_image\">\n\n<div class=\"single-slide-banner\">\n                <div class=\"text\">\n        <div>\n\n<h1 class=\"wp-block-heading\"><mark style=\"background-color:rgba(0, 0, 0, 0)\" class=\"has-inline-color has-color-white-color\">Lorem Ipsum<\/mark><\/h1>\n\n<\/div>\n        <\/div>\n<\/div>\n\n\t\t\t<div class=\"datenstrang\">\n\t\t\t<canvas id=\"smooth\"><\/canvas>\n\t\t\t<div class=\"beam\"><\/div>\n\t\t<\/div>\n\t\t<div id=\"claim\">\n\t\t\t<div class=\"icon-daten-leben\">Living. Data.<\/div>\n\t\t<\/div>\n\t<\/div>\n<p id=\"breadcrumbs\"><span><span><a href=\"https:\/\/reisswolf.nr.rs\/\">Homepage<\/a><\/span><\/span><\/p>\n\n\n<p>Lorem ipsum dolor sit amet, consectetur adipiscing elit, sed do eiusmod tempor incididunt ut labore et dolore magna aliqua. Ut enim ad minim veniam, quis nostrud exercitation ullamco laboris nisi ut aliquip ex ea commodo consequat. Duis aute irure dolor in reprehenderit in voluptate velit esse cillum dolore eu fugiat nulla pariatur. Excepteur sint occaecat cupidatat non proident, sunt in culpa qui officia deserunt mollit anim id est laborum.<\/p>\n","protected":false},"excerpt":{"rendered":"<p>Lassen Sie sich am 6. M\u00e4rz live in Stuttgart von den spannenden Themen aus der Welt der Digitalisierung begeistern und kn\u00fcpfen Sie neue Kontakte.<\/p>\n","protected":false},"author":4,"featured_media":1022,"comment_status":"closed","ping_status":"open","sticky":false,"template":"","format":"standard","meta":{"_acf_changed":false,"footnotes":""},"categories":[1],"tags":[],"acf":[],"yoast_head":"<!-- This site is optimized with the Yoast SEO plugin v23.0 - https:\/\/yoast.com\/wordpress\/plugins\/seo\/ -->\n<title>Was Sie am 06. M\u00e4rz 2024 beim ELO ECM-Fachkongress erwartet. - REISSWOLF Serbia<\/title>\n<meta name=\"robots\" content=\"noindex, follow, max-snippet:-1, max-image-preview:large, max-video-preview:-1\" \/>\n<meta property=\"og:locale\" content=\"en_US\" \/>\n<meta property=\"og:type\" content=\"article\" \/>\n<meta property=\"og:title\" content=\"Was Sie am 06. M\u00e4rz 2024 beim ELO ECM-Fachkongress erwartet. - REISSWOLF Serbia\" \/>\n<meta property=\"og:description\" content=\"Lassen Sie sich am 6. M\u00e4rz live in Stuttgart von den spannenden Themen aus der Welt der Digitalisierung begeistern und kn\u00fcpfen Sie neue Kontakte.\" \/>\n<meta property=\"og:url\" content=\"https:\/\/reisswolf.nr.rs\/was-sie-am-06-marz-2024-beim-elo-ecm-fachkongress-erwartet\/\" \/>\n<meta property=\"og:site_name\" content=\"REISSWOLF Serbia\" \/>\n<meta property=\"article:published_time\" content=\"2024-02-07T14:24:00+00:00\" \/>\n<meta property=\"article:modified_time\" content=\"2024-05-23T08:38:56+00:00\" \/>\n<meta property=\"og:image\" content=\"https:\/\/reisswolf.nr.rs\/wp-content\/uploads\/2024\/05\/csm_elo_fachkongress_2024_social_media_4acc588971.jpg\" \/>\n\t<meta property=\"og:image:width\" content=\"300\" \/>\n\t<meta property=\"og:image:height\" content=\"169\" \/>\n\t<meta property=\"og:image:type\" content=\"image\/jpeg\" \/>\n<meta name=\"author\" content=\"p665484\" \/>\n<meta name=\"twitter:card\" content=\"summary_large_image\" \/>\n<meta name=\"twitter:label1\" content=\"Written by\" \/>\n\t<meta name=\"twitter:data1\" content=\"p665484\" \/>\n\t<meta name=\"twitter:label2\" content=\"Est. reading time\" \/>\n\t<meta name=\"twitter:data2\" content=\"1 minute\" \/>\n<script type=\"application\/ld+json\" class=\"yoast-schema-graph\">{\"@context\":\"https:\/\/schema.org\",\"@graph\":[{\"@type\":\"WebPage\",\"@id\":\"https:\/\/reisswolf.nr.rs\/was-sie-am-06-marz-2024-beim-elo-ecm-fachkongress-erwartet\/\",\"url\":\"https:\/\/reisswolf.nr.rs\/was-sie-am-06-marz-2024-beim-elo-ecm-fachkongress-erwartet\/\",\"name\":\"Was Sie am 06. M\u00e4rz 2024 beim ELO ECM-Fachkongress erwartet. - REISSWOLF Serbia\",\"isPartOf\":{\"@id\":\"https:\/\/reisswolf.nr.rs\/#website\"},\"primaryImageOfPage\":{\"@id\":\"https:\/\/reisswolf.nr.rs\/was-sie-am-06-marz-2024-beim-elo-ecm-fachkongress-erwartet\/#primaryimage\"},\"image\":{\"@id\":\"https:\/\/reisswolf.nr.rs\/was-sie-am-06-marz-2024-beim-elo-ecm-fachkongress-erwartet\/#primaryimage\"},\"thumbnailUrl\":\"https:\/\/reisswolf.nr.rs\/wp-content\/uploads\/2024\/05\/csm_elo_fachkongress_2024_social_media_4acc588971.jpg\",\"datePublished\":\"2024-02-07T14:24:00+00:00\",\"dateModified\":\"2024-05-23T08:38:56+00:00\",\"author\":{\"@id\":\"https:\/\/reisswolf.nr.rs\/#\/schema\/person\/c745c6ec2805714d5fba9e5dfd24e3b7\"},\"breadcrumb\":{\"@id\":\"https:\/\/reisswolf.nr.rs\/was-sie-am-06-marz-2024-beim-elo-ecm-fachkongress-erwartet\/#breadcrumb\"},\"inLanguage\":\"en-US\",\"potentialAction\":[{\"@type\":\"ReadAction\",\"target\":[\"https:\/\/reisswolf.nr.rs\/was-sie-am-06-marz-2024-beim-elo-ecm-fachkongress-erwartet\/\"]}]},{\"@type\":\"ImageObject\",\"inLanguage\":\"en-US\",\"@id\":\"https:\/\/reisswolf.nr.rs\/was-sie-am-06-marz-2024-beim-elo-ecm-fachkongress-erwartet\/#primaryimage\",\"url\":\"https:\/\/reisswolf.nr.rs\/wp-content\/uploads\/2024\/05\/csm_elo_fachkongress_2024_social_media_4acc588971.jpg\",\"contentUrl\":\"https:\/\/reisswolf.nr.rs\/wp-content\/uploads\/2024\/05\/csm_elo_fachkongress_2024_social_media_4acc588971.jpg\",\"width\":300,\"height\":169},{\"@type\":\"BreadcrumbList\",\"@id\":\"https:\/\/reisswolf.nr.rs\/was-sie-am-06-marz-2024-beim-elo-ecm-fachkongress-erwartet\/#breadcrumb\",\"itemListElement\":[{\"@type\":\"ListItem\",\"position\":1,\"name\":\"Homepage\",\"item\":\"https:\/\/reisswolf.nr.rs\/\"},{\"@type\":\"ListItem\",\"position\":2,\"name\":\"Was Sie am 06. M\u00e4rz 2024 beim ELO ECM-Fachkongress erwartet.\"}]},{\"@type\":\"WebSite\",\"@id\":\"https:\/\/reisswolf.nr.rs\/#website\",\"url\":\"https:\/\/reisswolf.nr.rs\/\",\"name\":\"REISSWOLF Serbia\",\"description\":\"\",\"potentialAction\":[{\"@type\":\"SearchAction\",\"target\":{\"@type\":\"EntryPoint\",\"urlTemplate\":\"https:\/\/reisswolf.nr.rs\/?s={search_term_string}\"},\"query-input\":\"required name=search_term_string\"}],\"inLanguage\":\"en-US\"},{\"@type\":\"Person\",\"@id\":\"https:\/\/reisswolf.nr.rs\/#\/schema\/person\/c745c6ec2805714d5fba9e5dfd24e3b7\",\"name\":\"p665484\",\"image\":{\"@type\":\"ImageObject\",\"inLanguage\":\"en-US\",\"@id\":\"https:\/\/reisswolf.nr.rs\/#\/schema\/person\/image\/\",\"url\":\"https:\/\/secure.gravatar.com\/avatar\/271bc54f30c4015a951706700bacde99?s=96&d=mm&r=g\",\"contentUrl\":\"https:\/\/secure.gravatar.com\/avatar\/271bc54f30c4015a951706700bacde99?s=96&d=mm&r=g\",\"caption\":\"p665484\"}}]}<\/script>\n<!-- \/ Yoast SEO plugin. -->","yoast_head_json":{"title":"Was Sie am 06. M\u00e4rz 2024 beim ELO ECM-Fachkongress erwartet. - REISSWOLF Serbia","robots":{"index":"noindex","follow":"follow","max-snippet":"max-snippet:-1","max-image-preview":"max-image-preview:large","max-video-preview":"max-video-preview:-1"},"og_locale":"en_US","og_type":"article","og_title":"Was Sie am 06. M\u00e4rz 2024 beim ELO ECM-Fachkongress erwartet. - REISSWOLF Serbia","og_description":"Lassen Sie sich am 6. M\u00e4rz live in Stuttgart von den spannenden Themen aus der Welt der Digitalisierung begeistern und kn\u00fcpfen Sie neue Kontakte.","og_url":"https:\/\/reisswolf.nr.rs\/was-sie-am-06-marz-2024-beim-elo-ecm-fachkongress-erwartet\/","og_site_name":"REISSWOLF Serbia","article_published_time":"2024-02-07T14:24:00+00:00","article_modified_time":"2024-05-23T08:38:56+00:00","og_image":[{"width":300,"height":169,"url":"https:\/\/reisswolf.nr.rs\/wp-content\/uploads\/2024\/05\/csm_elo_fachkongress_2024_social_media_4acc588971.jpg","type":"image\/jpeg"}],"author":"p665484","twitter_card":"summary_large_image","twitter_misc":{"Written by":"p665484","Est. reading time":"1 minute"},"schema":{"@context":"https:\/\/schema.org","@graph":[{"@type":"WebPage","@id":"https:\/\/reisswolf.nr.rs\/was-sie-am-06-marz-2024-beim-elo-ecm-fachkongress-erwartet\/","url":"https:\/\/reisswolf.nr.rs\/was-sie-am-06-marz-2024-beim-elo-ecm-fachkongress-erwartet\/","name":"Was Sie am 06. M\u00e4rz 2024 beim ELO ECM-Fachkongress erwartet. - REISSWOLF Serbia","isPartOf":{"@id":"https:\/\/reisswolf.nr.rs\/#website"},"primaryImageOfPage":{"@id":"https:\/\/reisswolf.nr.rs\/was-sie-am-06-marz-2024-beim-elo-ecm-fachkongress-erwartet\/#primaryimage"},"image":{"@id":"https:\/\/reisswolf.nr.rs\/was-sie-am-06-marz-2024-beim-elo-ecm-fachkongress-erwartet\/#primaryimage"},"thumbnailUrl":"https:\/\/reisswolf.nr.rs\/wp-content\/uploads\/2024\/05\/csm_elo_fachkongress_2024_social_media_4acc588971.jpg","datePublished":"2024-02-07T14:24:00+00:00","dateModified":"2024-05-23T08:38:56+00:00","author":{"@id":"https:\/\/reisswolf.nr.rs\/#\/schema\/person\/c745c6ec2805714d5fba9e5dfd24e3b7"},"breadcrumb":{"@id":"https:\/\/reisswolf.nr.rs\/was-sie-am-06-marz-2024-beim-elo-ecm-fachkongress-erwartet\/#breadcrumb"},"inLanguage":"en-US","potentialAction":[{"@type":"ReadAction","target":["https:\/\/reisswolf.nr.rs\/was-sie-am-06-marz-2024-beim-elo-ecm-fachkongress-erwartet\/"]}]},{"@type":"ImageObject","inLanguage":"en-US","@id":"https:\/\/reisswolf.nr.rs\/was-sie-am-06-marz-2024-beim-elo-ecm-fachkongress-erwartet\/#primaryimage","url":"https:\/\/reisswolf.nr.rs\/wp-content\/uploads\/2024\/05\/csm_elo_fachkongress_2024_social_media_4acc588971.jpg","contentUrl":"https:\/\/reisswolf.nr.rs\/wp-content\/uploads\/2024\/05\/csm_elo_fachkongress_2024_social_media_4acc588971.jpg","width":300,"height":169},{"@type":"BreadcrumbList","@id":"https:\/\/reisswolf.nr.rs\/was-sie-am-06-marz-2024-beim-elo-ecm-fachkongress-erwartet\/#breadcrumb","itemListElement":[{"@type":"ListItem","position":1,"name":"Homepage","item":"https:\/\/reisswolf.nr.rs\/"},{"@type":"ListItem","position":2,"name":"Was Sie am 06. M\u00e4rz 2024 beim ELO ECM-Fachkongress erwartet."}]},{"@type":"WebSite","@id":"https:\/\/reisswolf.nr.rs\/#website","url":"https:\/\/reisswolf.nr.rs\/","name":"REISSWOLF Serbia","description":"","potentialAction":[{"@type":"SearchAction","target":{"@type":"EntryPoint","urlTemplate":"https:\/\/reisswolf.nr.rs\/?s={search_term_string}"},"query-input":"required name=search_term_string"}],"inLanguage":"en-US"},{"@type":"Person","@id":"https:\/\/reisswolf.nr.rs\/#\/schema\/person\/c745c6ec2805714d5fba9e5dfd24e3b7","name":"p665484","image":{"@type":"ImageObject","inLanguage":"en-US","@id":"https:\/\/reisswolf.nr.rs\/#\/schema\/person\/image\/","url":"https:\/\/secure.gravatar.com\/avatar\/271bc54f30c4015a951706700bacde99?s=96&d=mm&r=g","contentUrl":"https:\/\/secure.gravatar.com\/avatar\/271bc54f30c4015a951706700bacde99?s=96&d=mm&r=g","caption":"p665484"}}]}},"_links":{"self":[{"href":"https:\/\/reisswolf.nr.rs\/en\/wp-json\/wp\/v2\/posts\/925"}],"collection":[{"href":"https:\/\/reisswolf.nr.rs\/en\/wp-json\/wp\/v2\/posts"}],"about":[{"href":"https:\/\/reisswolf.nr.rs\/en\/wp-json\/wp\/v2\/types\/post"}],"author":[{"embeddable":true,"href":"https:\/\/reisswolf.nr.rs\/en\/wp-json\/wp\/v2\/users\/4"}],"replies":[{"embeddable":true,"href":"https:\/\/reisswolf.nr.rs\/en\/wp-json\/wp\/v2\/comments?post=925"}],"version-history":[{"count":2,"href":"https:\/\/reisswolf.nr.rs\/en\/wp-json\/wp\/v2\/posts\/925\/revisions"}],"predecessor-version":[{"id":1032,"href":"https:\/\/reisswolf.nr.rs\/en\/wp-json\/wp\/v2\/posts\/925\/revisions\/1032"}],"wp:featuredmedia":[{"embeddable":true,"href":"https:\/\/reisswolf.nr.rs\/en\/wp-json\/wp\/v2\/media\/1022"}],"wp:attachment":[{"href":"https:\/\/reisswolf.nr.rs\/en\/wp-json\/wp\/v2\/media?parent=925"}],"wp:term":[{"taxonomy":"category","embeddable":true,"href":"https:\/\/reisswolf.nr.rs\/en\/wp-json\/wp\/v2\/categories?post=925"},{"taxonomy":"post_tag","embeddable":true,"href":"https:\/\/reisswolf.nr.rs\/en\/wp-json\/wp\/v2\/tags?post=925"}],"curies":[{"name":"wp","href":"https:\/\/api.w.org\/{rel}","templated":true}]}}